{"id":1416,"date":"2018-01-28T17:48:55","date_gmt":"2018-01-28T17:48:55","guid":{"rendered":"http:\/\/80-fragen.de\/?p=1416"},"modified":"2018-02-12T01:37:16","modified_gmt":"2018-02-12T01:37:16","slug":"begegnungen-bernardo","status":"publish","type":"post","link":"https:\/\/80-fragen.de\/?p=1416","title":{"rendered":"Begegnungen: Bernardo"},"content":{"rendered":"<p>&#8222;Die Finca hier habe ich vor drei\u00dfig Jahren gekauft als Wochenendhaus f\u00fcr die Familie. Wir leben und arbeiten ja da unten in Pereira, das ist schon eine hektische Stadt, mitten in der Kaffeezone. Hier oben haben wir unsere Ruhe; am Wochenende kommen auch oft die Kinder mit ihren Freunden &#8211; und nat\u00fcrlich Touristen wie Ihr. F\u00fcr die haben wir vor zehn Jahren das G\u00e4stehaus mit vier Zimmern und das Schwimmbad gebaut.\u00a0 Ihr sollt Euch hier wie zu Hause f\u00fchlen; nat\u00fcrlich k\u00f6nnt Ihr auch unsere K\u00fcche mitbenutzen. Und nehmt Euch Orangen oder Limonen von den B\u00e4umen; Tomaten gibt es auch.<\/p>\n<p>Ich bin 1939 in einem kleinen Dorf hier ganz in der N\u00e4he geboren &#8211; als der \u00c4lteste von 11 Geschwistern.\u00a0 Als ich zehn Jahre alt war, kam der B\u00fcrgerkrieg zwischen Liberalen ud Konsevativen auch zu uns. Meine Familie, unser ganzes Dorf geh\u00f6rte zu den Liberalen, das war schon immer so, seit Bolivars Zeiten. Das Nachbardorf waren Konservative. Die kamen dann r\u00fcber, um Liberale zu t\u00f6ten. Mein Vater war so in Gefahr, dass er sich nicht mehr traute, bei Tageslicht vom Feld zur\u00fcck ins Dorf zu kommen, denn dann h\u00e4tten sie ihn get\u00f6tet. Er hat dann immer drau\u00dfen auf seinem Feld unter einem Baum geschlafen und kam nur um Mitternacht kurz nach Haus, um vor Tagesanbruch wieder zu gehen. Manchmal habe ich ihn begleitet. Ich habe erst sp\u00e4ter verstanden, warum wir manchmal gro\u00dfe Umwege gegangen sind, weil sich auf dem Hauptweg die Angreifer versteckt halten konnten. Irgendwann wurde es so schlimm, dass wir unser Dorf verlassen mussten und als ganze Familie nach Pereira gezogen sind.<\/p>\n<p>Dort habe ich dann auch studiert und mein ganzes Leben als Lehrer und sp\u00e4ter als Ausbilder f\u00fcr Lehrer gearbeitet, genau wie Du Simon. Jetzt bin ich im Ruhestand, aber meine Frau arbeitet noch, auch als Lehrerin.<\/p>\n<p>Vor vielen Jahren hatte ich ein Grudst\u00fcck an der K\u00fcste gekauft, ein kleines Grundst\u00fcck, direkt am Strand. Wir haben von einem Haus am Meer getr\u00e4umt, denn ich liebe das Meer sehr! Aber dann kamen die Paramilit\u00e4rs. Die haben im Kampf gegen die Guerrilla Tausende unbeteiligte Menschen umgebracht, arme unschuldige Campesinos. Und die Paramilit\u00e4rs sind auch nicht zimperlich, wenn die ein St\u00fcck Land wollen; dann bekommen sie es auch. Und unser Grundst\u00fcck am Meer wollten sie haben; alle anderen drum herum hatten sie schon. Wie das l\u00e4uft? Ganz einfach: Die haben mich zwei Jahre lang angerufen und Druck gemacht zu verkaufen, aber ich wollte nicht. Bis sie mir am Telefon geagt haben: &#8222;Ok, dann m\u00fcssen wir das n\u00e4chste Mal wohl mit Deiner Witwe verhandeln.&#8220; Da haben wir nachgegeben. Wir haben es schlie\u00dflich selbst erlebt, dass anderen, die sich stur gestellt haben ein Kind oder der Ehepartner umgebracht wurde, bis die Leute weichgekocht waren. Bei mir ging es ja nur um ein Feriengrundst\u00fcck, aber bei vielen Campesinos ging es um ihr Land, ihre Lebensgrundlage. Die leben jetzt als &#8222;desplazados&#8220; in den Elendsvierteln der St\u00e4dte. Auf diese Weise haben sich die Paramilit\u00e4rs die besten L\u00e4ndereien in ganz Kolumbien gesichert. Die Hinterm\u00e4nner sind oft reiche Politiker und Unternehmer aus der Oberschicht.<\/p>\n<p>Tja, Ihr fragt Euch, wie es m\u00f6glich ist, dass die Menschen hier so eine gewaltt\u00e4tige Geschichte haben und gleichzeitig so lebensfroh und gastfreundlich sind? Ach wisst Ihr, im Grunde besteht doch alles aus Widerspr\u00fcchen und Gegens\u00e4tzen &#8211; der Mensch, das Leben und das ganze Universum.<\/p>\n","protected":false},"excerpt":{"rendered":"<p>&#8222;Die Finca hier habe ich vor drei\u00dfig Jahren gekauft als Wochenendhaus f\u00fcr die Familie. Wir leben und arbeiten ja da&#8230;  <a class=\"excerpt-read-more\" href=\"https:\/\/80-fragen.de\/?p=1416\" title=\"Read Begegnungen: Bernardo\">Read more &raquo;<\/a><\/p>\n","protected":false},"author":2,"featured_media":1426,"comment_status":"open","ping_status":"open","sticky":false,"template":"","format":"standard","meta":{"footnotes":""},"categories":[8,16,18],"tags":[],"class_list":["post-1416","post","type-post","status-publish","format-standard","has-post-thumbnail","hentry","category-die-reise","category-kolumbien","category-menschen"],"_links":{"self":[{"href":"https:\/\/80-fragen.de\/index.php?rest_route=\/wp\/v2\/posts\/1416","targetHints":{"allow":["GET"]}}],"collection":[{"href":"https:\/\/80-fragen.de\/index.php?rest_route=\/wp\/v2\/posts"}],"about":[{"href":"https:\/\/80-fragen.de\/index.php?rest_route=\/wp\/v2\/types\/post"}],"author":[{"embeddable":true,"href":"https:\/\/80-fragen.de\/index.php?rest_route=\/wp\/v2\/users\/2"}],"replies":[{"embeddable":true,"href":"https:\/\/80-fragen.de\/index.php?rest_route=%2Fwp%2Fv2%2Fcomments&post=1416"}],"version-history":[{"count":4,"href":"https:\/\/80-fragen.de\/index.php?rest_route=\/wp\/v2\/posts\/1416\/revisions"}],"predecessor-version":[{"id":1420,"href":"https:\/\/80-fragen.de\/index.php?rest_route=\/wp\/v2\/posts\/1416\/revisions\/1420"}],"wp:featuredmedia":[{"embeddable":true,"href":"https:\/\/80-fragen.de\/index.php?rest_route=\/wp\/v2\/media\/1426"}],"wp:attachment":[{"href":"https:\/\/80-fragen.de\/index.php?rest_route=%2Fwp%2Fv2%2Fmedia&parent=1416"}],"wp:term":[{"taxonomy":"category","embeddable":true,"href":"https:\/\/80-fragen.de\/index.php?rest_route=%2Fwp%2Fv2%2Fcategories&post=1416"},{"taxonomy":"post_tag","embeddable":true,"href":"https:\/\/80-fragen.de\/index.php?rest_route=%2Fwp%2Fv2%2Ftags&post=1416"}],"curies":[{"name":"wp","href":"https:\/\/api.w.org\/{rel}","templated":true}]}}