{"id":3026,"date":"2018-06-25T05:39:35","date_gmt":"2018-06-25T05:39:35","guid":{"rendered":"http:\/\/80-fragen.de\/?p=3026"},"modified":"2018-07-29T16:50:46","modified_gmt":"2018-07-29T16:50:46","slug":"dolomiten-aus-versehen","status":"publish","type":"post","link":"https:\/\/80-fragen.de\/?p=3026","title":{"rendered":"Dolomiten &#8211; aus Versehen"},"content":{"rendered":"<p>\u00dcber 500 Kilometer sind wir die Drau entlang gefahren \u2013 von deren M\u00fcndung in die Donau (Kroatien), durch die Tiefebene (Ungarn), schwarzwaldige Mittelgebirge (Slowenien), entlang wunderbarer Seen in K\u00e4rnten (\u00d6sterreich) bis zur Quelle in Toblach (Italien). Wir haben unser Tagespensum erheblich entschleunigt (max. 70 km) und mehrere Tage am Ossiacher See verbracht. Wir hatten das Gef\u00fchl in einem Werbefilm f\u00fcr K\u00e4rnten zu leben, so sch\u00f6n das alles.<\/p>\n<p><img loading=\"lazy\" decoding=\"async\" class=\"aligncenter size-full wp-image-3017\" src=\"http:\/\/80-fragen.de\/wp-content\/uploads\/2018\/06\/DSC05689.jpg\" alt=\"\" width=\"1920\" height=\"1080\" srcset=\"https:\/\/80-fragen.de\/wp-content\/uploads\/2018\/06\/DSC05689.jpg 1920w, https:\/\/80-fragen.de\/wp-content\/uploads\/2018\/06\/DSC05689-300x169.jpg 300w, https:\/\/80-fragen.de\/wp-content\/uploads\/2018\/06\/DSC05689-768x432.jpg 768w, https:\/\/80-fragen.de\/wp-content\/uploads\/2018\/06\/DSC05689-1024x576.jpg 1024w, https:\/\/80-fragen.de\/wp-content\/uploads\/2018\/06\/DSC05689-150x84.jpg 150w, https:\/\/80-fragen.de\/wp-content\/uploads\/2018\/06\/DSC05689-1200x675.jpg 1200w, https:\/\/80-fragen.de\/wp-content\/uploads\/2018\/06\/DSC05689-1020x574.jpg 1020w\" sizes=\"auto, (max-width: 1920px) 100vw, 1920px\" \/><\/p>\n<p><img loading=\"lazy\" decoding=\"async\" class=\"aligncenter size-full wp-image-3024\" src=\"http:\/\/80-fragen.de\/wp-content\/uploads\/2018\/06\/DSC05669-1.jpg\" alt=\"\" width=\"1920\" height=\"1080\" srcset=\"https:\/\/80-fragen.de\/wp-content\/uploads\/2018\/06\/DSC05669-1.jpg 1920w, https:\/\/80-fragen.de\/wp-content\/uploads\/2018\/06\/DSC05669-1-300x169.jpg 300w, https:\/\/80-fragen.de\/wp-content\/uploads\/2018\/06\/DSC05669-1-768x432.jpg 768w, https:\/\/80-fragen.de\/wp-content\/uploads\/2018\/06\/DSC05669-1-1024x576.jpg 1024w, https:\/\/80-fragen.de\/wp-content\/uploads\/2018\/06\/DSC05669-1-150x84.jpg 150w, https:\/\/80-fragen.de\/wp-content\/uploads\/2018\/06\/DSC05669-1-1200x675.jpg 1200w, https:\/\/80-fragen.de\/wp-content\/uploads\/2018\/06\/DSC05669-1-1020x574.jpg 1020w\" sizes=\"auto, (max-width: 1920px) 100vw, 1920px\" \/><\/p>\n<p><img loading=\"lazy\" decoding=\"async\" class=\"aligncenter size-full wp-image-3018\" src=\"http:\/\/80-fragen.de\/wp-content\/uploads\/2018\/06\/DSC05649.jpg\" alt=\"\" width=\"1920\" height=\"1080\" srcset=\"https:\/\/80-fragen.de\/wp-content\/uploads\/2018\/06\/DSC05649.jpg 1920w, https:\/\/80-fragen.de\/wp-content\/uploads\/2018\/06\/DSC05649-300x169.jpg 300w, https:\/\/80-fragen.de\/wp-content\/uploads\/2018\/06\/DSC05649-768x432.jpg 768w, https:\/\/80-fragen.de\/wp-content\/uploads\/2018\/06\/DSC05649-1024x576.jpg 1024w, https:\/\/80-fragen.de\/wp-content\/uploads\/2018\/06\/DSC05649-150x84.jpg 150w, https:\/\/80-fragen.de\/wp-content\/uploads\/2018\/06\/DSC05649-1200x675.jpg 1200w, https:\/\/80-fragen.de\/wp-content\/uploads\/2018\/06\/DSC05649-1020x574.jpg 1020w\" sizes=\"auto, (max-width: 1920px) 100vw, 1920px\" \/><\/p>\n<p>Heute also die letzte Drau-Etappe, zur Quelle nach Toblach, zum ersten Mal mit nennenswerter Steigung. Es geht \u00fcber 50 km moderat bergauf, hinein in die immer schroffer aufragenden Berge. Die Kulisse wird alpin, die Radler auch: Heute begegnen sie uns in Scharen, es ist Sonntag, viele italienische Familien und Touristen rauschen in Neon gewandet auf Leihr\u00e4dern talabw\u00e4rts, wo Abgabe der R\u00e4der und R\u00fccktransport mit dem Zug bestens organisiert sind. Scheinbar sind wir die einzigen mit Mehrtages-Gep\u00e4ck und auf dem Weg nach oben.<\/p>\n<p>V\u00f6llig unerwartet schmei\u00dfen sich uns hier die Dolomiten in den Weg! Erste Anzeichen (\u201eBenvenuti nelle Dolomiti\u201c) haben wir in unserer Fixierung auf den Drau-Radweg noch geflissentlich \u00fcbersehen, das Riesenschild mit der Aufschrift \u201eNaturpark Drei Zinnen\u201c in Kombination mit der spektakul\u00e4ren Szenerie dringt dann doch ins Bewusstsein vor. Drei Zinnen? Da war doch was&#8230;.<\/p>\n<p>Zur Rechtfertigung von soviel Ignoranz: Der erste Fixpunkt unserer Route war es, die Donau zu erreichen, dann Belgrad, dann die Drau. Die dann immer flussaufw\u00e4rts bis in die Alpen\u2026 \u00dcber den weiteren Verlauf hatten wir uns bisher nur grob Gedanken gemacht: irgendwie \u00fcber den Brenner, nach Innsbruck und ins Allg\u00e4u &#8211; weiter hat unser Horizont nicht gereicht. S\u00fcdtirol kennen wir aus Kindertagen, aber in den f\u00fcr uns so fernen Ost-Alpen kennt sich selbst der Simon nicht so richtig aus\u2026 Und so sind wir einigerma\u00dfen \u00fcberrascht, uns pl\u00f6tzlich mitten im Herzen der Dolomiten wiederzufinden.<\/p>\n<p><img loading=\"lazy\" decoding=\"async\" class=\"aligncenter size-full wp-image-3022\" src=\"http:\/\/80-fragen.de\/wp-content\/uploads\/2018\/06\/DSC05699-01.jpeg\" alt=\"\" width=\"1920\" height=\"1080\" srcset=\"https:\/\/80-fragen.de\/wp-content\/uploads\/2018\/06\/DSC05699-01.jpeg 1920w, https:\/\/80-fragen.de\/wp-content\/uploads\/2018\/06\/DSC05699-01-300x169.jpeg 300w, https:\/\/80-fragen.de\/wp-content\/uploads\/2018\/06\/DSC05699-01-768x432.jpeg 768w, https:\/\/80-fragen.de\/wp-content\/uploads\/2018\/06\/DSC05699-01-1024x576.jpeg 1024w, https:\/\/80-fragen.de\/wp-content\/uploads\/2018\/06\/DSC05699-01-150x84.jpeg 150w, https:\/\/80-fragen.de\/wp-content\/uploads\/2018\/06\/DSC05699-01-1200x675.jpeg 1200w, https:\/\/80-fragen.de\/wp-content\/uploads\/2018\/06\/DSC05699-01-1020x574.jpeg 1020w\" sizes=\"auto, (max-width: 1920px) 100vw, 1920px\" \/><\/p>\n<p>Und da wir schon gegen Mittag in Toblach sind, von der bisherigen Steigung nur so mittelm\u00e4\u00dfig ausgelastet, beschlie\u00dfen wir einen kleinen Abstecher: Hinein ins H\u00f6hlenstein-Tal zu einem Aussichtspunkt auf die Drei Zinnen. Auf \u00fcber 1.000m finden wir es zu kalt zum Zelten, also suchen wir vorab ein Hotel. Das n\u00e4chste bezahlbare liegt nochmal gut 500m h\u00f6her, kein Problem, wir f\u00fchlen uns fit \u2013 schon gebucht.<\/p>\n<p>Und so fahren wir am Nachmittag &#8211; ganz entgegen unserer eigentlichen Richtung &#8211; nach S\u00fcden in ein spektakul\u00e4res Tal mit grandiosen Ausblicken auf die umliegenden Felszacken, zerkl\u00fcftete W\u00e4nde, herabst\u00fcrzende B\u00e4che.<\/p>\n<p><img loading=\"lazy\" decoding=\"async\" class=\"aligncenter size-full wp-image-3033\" src=\"http:\/\/80-fragen.de\/wp-content\/uploads\/2018\/06\/MOV_1177_000002-01.jpeg\" alt=\"\" width=\"1280\" height=\"720\" srcset=\"https:\/\/80-fragen.de\/wp-content\/uploads\/2018\/06\/MOV_1177_000002-01.jpeg 1280w, https:\/\/80-fragen.de\/wp-content\/uploads\/2018\/06\/MOV_1177_000002-01-300x169.jpeg 300w, https:\/\/80-fragen.de\/wp-content\/uploads\/2018\/06\/MOV_1177_000002-01-768x432.jpeg 768w, https:\/\/80-fragen.de\/wp-content\/uploads\/2018\/06\/MOV_1177_000002-01-1024x576.jpeg 1024w, https:\/\/80-fragen.de\/wp-content\/uploads\/2018\/06\/MOV_1177_000002-01-150x84.jpeg 150w, https:\/\/80-fragen.de\/wp-content\/uploads\/2018\/06\/MOV_1177_000002-01-1200x675.jpeg 1200w, https:\/\/80-fragen.de\/wp-content\/uploads\/2018\/06\/MOV_1177_000002-01-1020x574.jpeg 1020w\" sizes=\"auto, (max-width: 1280px) 100vw, 1280px\" \/><\/p>\n<p><img loading=\"lazy\" decoding=\"async\" class=\"aligncenter size-full wp-image-3036\" src=\"http:\/\/80-fragen.de\/wp-content\/uploads\/2018\/06\/DSC05704.jpg\" alt=\"\" width=\"1920\" height=\"1080\" srcset=\"https:\/\/80-fragen.de\/wp-content\/uploads\/2018\/06\/DSC05704.jpg 1920w, https:\/\/80-fragen.de\/wp-content\/uploads\/2018\/06\/DSC05704-300x169.jpg 300w, https:\/\/80-fragen.de\/wp-content\/uploads\/2018\/06\/DSC05704-768x432.jpg 768w, https:\/\/80-fragen.de\/wp-content\/uploads\/2018\/06\/DSC05704-1024x576.jpg 1024w, https:\/\/80-fragen.de\/wp-content\/uploads\/2018\/06\/DSC05704-150x84.jpg 150w, https:\/\/80-fragen.de\/wp-content\/uploads\/2018\/06\/DSC05704-1200x675.jpg 1200w, https:\/\/80-fragen.de\/wp-content\/uploads\/2018\/06\/DSC05704-1020x574.jpg 1020w\" sizes=\"auto, (max-width: 1920px) 100vw, 1920px\" \/><\/p>\n<p>&nbsp;<\/p>\n<p><img loading=\"lazy\" decoding=\"async\" class=\"aligncenter size-full wp-image-3034\" src=\"http:\/\/80-fragen.de\/wp-content\/uploads\/2018\/06\/DSC05707-01.jpeg\" alt=\"\" width=\"1920\" height=\"1080\" srcset=\"https:\/\/80-fragen.de\/wp-content\/uploads\/2018\/06\/DSC05707-01.jpeg 1920w, https:\/\/80-fragen.de\/wp-content\/uploads\/2018\/06\/DSC05707-01-300x169.jpeg 300w, https:\/\/80-fragen.de\/wp-content\/uploads\/2018\/06\/DSC05707-01-768x432.jpeg 768w, https:\/\/80-fragen.de\/wp-content\/uploads\/2018\/06\/DSC05707-01-1024x576.jpeg 1024w, https:\/\/80-fragen.de\/wp-content\/uploads\/2018\/06\/DSC05707-01-150x84.jpeg 150w, https:\/\/80-fragen.de\/wp-content\/uploads\/2018\/06\/DSC05707-01-1200x675.jpeg 1200w, https:\/\/80-fragen.de\/wp-content\/uploads\/2018\/06\/DSC05707-01-1020x574.jpeg 1020w\" sizes=\"auto, (max-width: 1920px) 100vw, 1920px\" \/><\/p>\n<p>Die letzten 10 Kilometer zum Hotel werden dann doch noch lang und vor allem richtig steil. Oben belohnt uns ein glasklarer, gr\u00fcner See und die Abendsonne auf den Felsspitzen; noch mehr interessieren uns aber an diesem Abend die leckere, original italienische Pizza und das weiche, gem\u00fctliche Bett. Morgen d\u00fcrfen wir die ganze wundervolle Strecke wieder nach unten rauschen und nehmen unseren Weg nach Norden wieder auf. F\u00fcr heute aber haben wir quasi nebenbei die Dolomiten f\u00fcr uns entdeckt.<\/p>\n<p>&nbsp;<\/p>\n<p>&nbsp;<\/p>\n","protected":false},"excerpt":{"rendered":"<p>\u00dcber 500 Kilometer sind wir die Drau entlang gefahren \u2013 von deren M\u00fcndung in die Donau (Kroatien), durch die Tiefebene&#8230;  <a class=\"excerpt-read-more\" href=\"https:\/\/80-fragen.de\/?p=3026\" title=\"Read Dolomiten &#8211; aus Versehen\">Read more &raquo;<\/a><\/p>\n","protected":false},"author":2,"featured_media":3041,"comment_status":"open","ping_status":"open","sticky":false,"template":"","format":"standard","meta":{"footnotes":""},"categories":[8,25],"tags":[],"class_list":["post-3026","post","type-post","status-publish","format-standard","has-post-thumbnail","hentry","category-die-reise","category-radtour"],"_links":{"self":[{"href":"https:\/\/80-fragen.de\/index.php?rest_route=\/wp\/v2\/posts\/3026","targetHints":{"allow":["GET"]}}],"collection":[{"href":"https:\/\/80-fragen.de\/index.php?rest_route=\/wp\/v2\/posts"}],"about":[{"href":"https:\/\/80-fragen.de\/index.php?rest_route=\/wp\/v2\/types\/post"}],"author":[{"embeddable":true,"href":"https:\/\/80-fragen.de\/index.php?rest_route=\/wp\/v2\/users\/2"}],"replies":[{"embeddable":true,"href":"https:\/\/80-fragen.de\/index.php?rest_route=%2Fwp%2Fv2%2Fcomments&post=3026"}],"version-history":[{"count":9,"href":"https:\/\/80-fragen.de\/index.php?rest_route=\/wp\/v2\/posts\/3026\/revisions"}],"predecessor-version":[{"id":3040,"href":"https:\/\/80-fragen.de\/index.php?rest_route=\/wp\/v2\/posts\/3026\/revisions\/3040"}],"wp:featuredmedia":[{"embeddable":true,"href":"https:\/\/80-fragen.de\/index.php?rest_route=\/wp\/v2\/media\/3041"}],"wp:attachment":[{"href":"https:\/\/80-fragen.de\/index.php?rest_route=%2Fwp%2Fv2%2Fmedia&parent=3026"}],"wp:term":[{"taxonomy":"category","embeddable":true,"href":"https:\/\/80-fragen.de\/index.php?rest_route=%2Fwp%2Fv2%2Fcategories&post=3026"},{"taxonomy":"post_tag","embeddable":true,"href":"https:\/\/80-fragen.de\/index.php?rest_route=%2Fwp%2Fv2%2Ftags&post=3026"}],"curies":[{"name":"wp","href":"https:\/\/api.w.org\/{rel}","templated":true}]}}