{"id":320,"date":"2018-06-13T10:13:22","date_gmt":"2018-06-13T10:13:22","guid":{"rendered":"http:\/\/80-fragen.de\/?p=320"},"modified":"2018-06-20T17:58:09","modified_gmt":"2018-06-20T17:58:09","slug":"reist-man-auf-reisen-auch-zu-sich-oder-weg-von-sich-sebastian","status":"publish","type":"post","link":"https:\/\/80-fragen.de\/?p=320","title":{"rendered":"Reist man auf Reisen auch zu sich oder weg von sich? (Sebastian)"},"content":{"rendered":"<p>Als ich im Herbst am Frankfurter Flughafen nach Kuba aufbreche, h\u00e4ngt da ein Werbeplakat (einer Fluggesellschaft?). Darauf eine nachdenkliche junge Frau, die auf Felsen erh\u00f6ht im D\u00e4mmerlicht \u00fcber eine W\u00fcstenlandschaft blickt. Darunter die Botschaft \u201e<em>Manchmal muss man 20.000 km weit reisen um zu sich selbst zu finden<\/em>\u201c.<br \/>\nDa h\u00e4tte ich mich ja freuen k\u00f6nnen, dass jemand die o.g. Frage schon f\u00fcr mich beantwortet hat. Tats\u00e4chlich hatte ich beim Anblick sofort diese Frage von Sebastian im Kopf. Aber anstelle der Freude, die Antwort so fr\u00fch zu Beginn der Reise gefunden zu haben, stellt sich ein kurzer \u00c4rger \u00fcber die Werbetexter ein. So ein Schwachsinn, denke ich und f\u00fchle mich fast pers\u00f6nlich beleidigt von dieser Aussage und vergesse deshalb, das Bild zu fotografieren.<br \/>\nIch reise nicht \u201e<em>um zu<\/em>\u201c mir selbst zu finden. Folgende widerspr\u00fcchliche \u00dcberlegungen oder Aspekte zu dieser Frage sind mir seither so durch den Kopf gegangen:<\/p>\n<ol>\n<li>Was mich beim Anblick des Bildes leicht \u00e4rgerte: Ich empfinde es gar nicht als so wichtig, zu mir selbst zu finden, oder zu mir selbst zu reisen. So viele Menschen, mich eingeschlossen, drehen sich eh so viel um sich selbst, um eigene Befindlichkeiten, dass ich die Besch\u00e4ftigung mit Themen, Menschen oder Lebensformen die au\u00dferhalb meiner Selbst liegen, als wohltuendes Abstandnehmen vom Selbstgekreise sehe.<\/li>\n<li>Auf der Reise sp\u00fcre ich, dass ich nat\u00fcrlich von mir weg reise. Die vielen bunten Eindr\u00fccke, die vielen Aktivit\u00e4ten entfernen mich von meinem allt\u00e4glichen Sein. All die kleinen Routinen, die Selbstverst\u00e4ndlichkeiten, die das allt\u00e4gliche Leben so ausmachen, die so lange gefestigten Gewissheiten \u00fcber mich selbst, in denen sich Seele und Empfinden gem\u00fctlich eingenistet haben, das geht ein wenig verloren. Ich besch\u00e4ftige mich mit anderen und anderem. In der Frage klingt das ein wenig nach einer negativ bewerteten Oberfl\u00e4chlichkeit, als \u201eAblenkung\u201c vom Wesentlichen. Ich empfinde es als Erweiterung, als Fokusverschiebung von innen nach au\u00dfen. Nicht mehr \u201eich\u201c stehe im Zentrum meiner Wahrnehmung, sondern die Umwelt.<\/li>\n<li>Und damit reise ich nat\u00fcrlich doch auch zu mir selbst.<br \/>\nDurch das Ablegen von liebgewonnenen Selbstverst\u00e4ndlichkeiten und die Erfahrung, dass Dinge auch auf ganz anderen Wegen funktionieren, ver\u00e4ndere ich mich nat\u00fcrlich.<br \/>\nAls Beispiel: Planung und Sicherheit. In meinen Berg- und Arbeitsleben habe ich gelernt, dass die Dinge dann besonders gut gehen, wenn sie wirklich gut durchdacht, geplant und vorbereitet sind. Wenn ich vorher nicht rausbekomme, wo unterwegs Trinkwasser-Quellen sind, dann muss ich eben so viel Wasser mitnehmen, dass ich auch dann gen\u00fcgend habe, falls es keine Quelle gibt. Das entspannt mich. Und nun, bei mehreren langen Touren erfahre ich, wie andere Leute so eine Tour angehen: Bergf\u00fchrer gehen komplett ohne Wasser los (ich mit 2 Litern = 2kg), beginnen abends um 16:00 Uhr einen 6 Stunden Abstieg, wo es um 18:00 Uhr dunkel wird. Und ich erfahre so h\u00e4ufig: das geht auch. Das ist vielleicht mal unbequem \u2013 da schl\u00e4ft man dann mal einfach eine Nacht ohne Ausr\u00fcstung mitten im Wald, ja und? Es geht so vieles mehr, als ich mir in meiner kleinen Planungswelt vorstelle. Das ist dann nat\u00fcrlich nicht optimal, aber daf\u00fcr sicher abenteuerlich. Es ist nicht schlimm, wenn manche Dinge nicht so ablaufen wie gedacht. Vielleicht wird das Ziel nicht erreicht, aber es passieren andere Dinge, und die sind oft auch wieder bereichernd.<br \/>\nDas klingt vielleicht trivial, f\u00fcr mich aber ist es eine tief empfundene, erweiternde Erfahrung.<\/li>\n<li>Letztlich ist es wohl, wie unsere Freundin Nina schon meinte: \u201eMan hat sich beim Reisen doch eh immer dabei\u201c. Menschen, die im Alltag nicht zu sich finden, werden dies auch auf Reisen nicht. Wer offen ist f\u00fcr erweiternde Erfahrungen, der findet in der Auseinandersetzung mit dem und den Fremden auf einer Reise einen gro\u00dfen Quell an M\u00f6glichkeiten.<\/li>\n<\/ol>\n","protected":false},"excerpt":{"rendered":"<p>Als ich im Herbst am Frankfurter Flughafen nach Kuba aufbreche, h\u00e4ngt da ein Werbeplakat (einer Fluggesellschaft?). Darauf eine nachdenkliche junge&#8230;  <a class=\"excerpt-read-more\" href=\"https:\/\/80-fragen.de\/?p=320\" title=\"Read Reist man auf Reisen auch zu sich oder weg von sich? (Sebastian)\">Read more &raquo;<\/a><\/p>\n","protected":false},"author":3,"featured_media":2979,"comment_status":"open","ping_status":"open","sticky":false,"template":"","format":"standard","meta":{"footnotes":""},"categories":[5,13],"tags":[],"class_list":["post-320","post","type-post","status-publish","format-standard","has-post-thumbnail","hentry","category-fragen","category-antworten"],"_links":{"self":[{"href":"https:\/\/80-fragen.de\/index.php?rest_route=\/wp\/v2\/posts\/320","targetHints":{"allow":["GET"]}}],"collection":[{"href":"https:\/\/80-fragen.de\/index.php?rest_route=\/wp\/v2\/posts"}],"about":[{"href":"https:\/\/80-fragen.de\/index.php?rest_route=\/wp\/v2\/types\/post"}],"author":[{"embeddable":true,"href":"https:\/\/80-fragen.de\/index.php?rest_route=\/wp\/v2\/users\/3"}],"replies":[{"embeddable":true,"href":"https:\/\/80-fragen.de\/index.php?rest_route=%2Fwp%2Fv2%2Fcomments&post=320"}],"version-history":[{"count":3,"href":"https:\/\/80-fragen.de\/index.php?rest_route=\/wp\/v2\/posts\/320\/revisions"}],"predecessor-version":[{"id":2978,"href":"https:\/\/80-fragen.de\/index.php?rest_route=\/wp\/v2\/posts\/320\/revisions\/2978"}],"wp:featuredmedia":[{"embeddable":true,"href":"https:\/\/80-fragen.de\/index.php?rest_route=\/wp\/v2\/media\/2979"}],"wp:attachment":[{"href":"https:\/\/80-fragen.de\/index.php?rest_route=%2Fwp%2Fv2%2Fmedia&parent=320"}],"wp:term":[{"taxonomy":"category","embeddable":true,"href":"https:\/\/80-fragen.de\/index.php?rest_route=%2Fwp%2Fv2%2Fcategories&post=320"},{"taxonomy":"post_tag","embeddable":true,"href":"https:\/\/80-fragen.de\/index.php?rest_route=%2Fwp%2Fv2%2Ftags&post=320"}],"curies":[{"name":"wp","href":"https:\/\/api.w.org\/{rel}","templated":true}]}}