{"id":642,"date":"2018-05-07T16:26:45","date_gmt":"2018-05-07T16:26:45","guid":{"rendered":"http:\/\/80-fragen.de\/?p=642"},"modified":"2018-05-03T14:43:20","modified_gmt":"2018-05-03T14:43:20","slug":"was-erzaehlen-euch-die-menschen-wenn-sie-hoeren-dass-ihr-aus-deutschland-kommt-avi","status":"publish","type":"post","link":"https:\/\/80-fragen.de\/?p=642","title":{"rendered":"Was erz\u00e4hlen Euch die Menschen, wenn Sie h\u00f6ren, dass Ihr aus Deutschland kommt? (Avi)"},"content":{"rendered":"<p><em>Also was verbinden sie mit Deutschland, ohne explizit danach gefragt zu werden? Womit werdet Ihr konfrontiert?<\/em><\/p>\n<p>Gerade hat uns der Barista in Tabriz eine kleine Deutschland-Schoko-Deko kreiert \u2026 Anlass f\u00fcr den Versuch einer Antwort:<\/p>\n<ol>\n<li>In S\u00fcdamerika<\/li>\n<\/ol>\n<p>Bei einer Stadtf\u00fchrung in Bogota fragt die junge F\u00fchrerin in der \u201eKennlernrunde\u201c die Gruppe (ca. 15 Personen aller Kontinente) \u201eund was sind eure ersten Assoziationen, wenn ihr \u201aDeutschland\u2018 h\u00f6rt?\u201c &#8211;<br \/>\nniemand sagt was \u2026 sie selber \u201eBerliner Mauer zum Beispiel\u201c \u2026 warten \u2026 nochmal sie selber \u201eoder Bier\u201c, darauf ein Australier: \u201eOktoberfest\u201c \u2013 und das war\u2019s dann auch.<\/p>\n<p>Auf Kuba beweist ausnahmslos jeder junge Mann, der h\u00f6rt das wir aus Deutschland sind, seine Sprachf\u00e4higkeit durch ein herzliches: \u201eAlles klar?\u201c<\/p>\n<p>Ein Taxifahrer in Kolumbien: \u201eDeutschland ist super!\u201c \u201eWarum?\u201c \u201eIhr habt bei der letzten WM gegen Brasilien 7:1 gewonnen. Da haben sich alle Kolumbianer riesig gefreut, weil Brasilien vorher im Viertelfinale Kolumbien ungerecht rausgeworfen hat.\u201c<\/p>\n<p>Ein nord-amerikanischer Ornithologe: \u201eIch war wegen der V\u00f6gel schon an den entlegensten Orten der Welt. Und immer sind da auch Deutsche. Und immer k\u00f6nnt ihr dann sogar die Landessprache. [\u2026] Ihr habt inzwischen genug vom Krieg. Das ist gut. Wir in den USA leider nicht.\u201c<\/p>\n<p>Bernardo, G\u00e4stehausbesitzer: \u201eMein Vater hat mir immer gesagt, \u201aGer\u00e4te aus Deutschland sind die besten. Die sind stabil und halten ewig. Wenn es geht kauf dir deutsche Produkte\u2018. Das hat er wirklich oft gesagt und es war ihm sehr wichtig.\u201c<\/p>\n<p>Ein Hotelbesitzer: \u201eAus Deutschland seid ihr? Wo ist eigentlich Hitlers Grab? Kann man das besuchen? Gibt es ein Hitler-Museum? \u2026 Warum nicht? Der war doch sehr wichtig f\u00fcr Deutschland\u201c<\/p>\n<p>Ganz viele Menschen in Variationen:<br \/>\n\u201eMeine Cousine \/ Schwester \/ Nichte \u2026 wohnt auch in Deutschland und ist dort mit einem Deutschen verheiratet.\u201c<br \/>\n\u201eDeutsche Autos sind toll. Aber so teuer. Die kann sich hier niemand leisten.\u201c<br \/>\n\u201eBayern M\u00fcnchen\u201c, \u00a0\u201eBorussia Dortmund\u201c, \u201eDeutscher Fu\u00dfball\u201c<\/p>\n<ol>\n<li>Im Iran<\/li>\n<\/ol>\n<p>W\u00e4hrend in S\u00fcdamerika unsere Herkunft bei den meisten Menschen keine besondere Reaktion hervorgerufen hat, ist die Erw\u00e4hnung von \u201eAlmania \u2013 Germany\u201c im Iran fast ein Garant f\u00fcr ganz besondere Aufmerksamkeit. Fast durchweg h\u00f6ren wir: \u201eGermany, good Country, very very, very good, \u2026, i love Germany\u201c. Dabei begegnen uns viele Aspekte:<\/p>\n<p>&#8211; wie schon oben erw\u00e4hnt, erfahren auch hier deutsche Autos und allgemein deutsche Technik besondere Hochachtung<br \/>\n&#8211; mehrmals wird der Name \u201eJ\u00fcrgen Klinsmann\u201c genannt, der einen unserer Begegnungen gar zum Fu\u00dfball-Fan machte (<a href=\"http:\/\/80-fragen.de\/?p=2176\">siehe hier<\/a>)<br \/>\n&#8211; viele IranerInnen bewundern unseren Wohlstand und die Freiheit in der wir leben und das f\u00fchrt dazu:<br \/>\n&#8211; ganz viele Iraner wollen sooooo gerne nach Deutschland, daher:<br \/>\n&#8211; einige junge IranerInnen lernen neben Schule\/Studium Deutsch, um die Chancen auf ein Visum zu erh\u00f6hen oder in Deutschland studieren zu k\u00f6nnen<br \/>\n&#8211; einige sind ein wenig entt\u00e4uscht, da die H\u00fcrden und Kosten f\u00fcr ein Aufenthalt in Deutschland so hoch sind und das Verfahren doch recht erniedrigend sein muss<br \/>\n&#8211; mehrmals h\u00f6ren wir, wie toll Angela Merkel ist. Die Lobe reichen von \u201esehr gute Politikerin\u201c, \u201edie einzig Vern\u00fcnftige in dieser Zeit\u201c bis hin zu \u201esehr sch\u00f6ne Frau\u201c<br \/>\n&#8211; mehrmals wird Anerkennung ausgedr\u00fcckt \u00fcber die Aufnahme der syrischen B\u00fcrgerkriegs-Fl\u00fcchtlinge (mit gleichzeitigem \u00c4rger \u00fcber das eigene System, das f\u00fcr das Fl\u00fcchtlingsdrama mit verantwortlich ist, selber aber keine Fl\u00fcchtlinge aufnimmt)<br \/>\nAber die besondere Zuneigung der Perser zu Deutschland ist noch durch andere Aspekte gepr\u00e4gt, die wir auch zu h\u00f6ren bekommen:<br \/>\n&#8211; Die Perser sind \u201eArier\u201c. \u00a0Das ist eine sprachgeschichtliche Kategorie, h\u00e4ngt mit der Verbreitung indo-iranischer Sprach- und Bev\u00f6lkerungsgruppen zusammen und ist zu komplex f\u00fcr mich. Aber damit haben wir Deutschen, die sich eine Zeit lang ja auch \u201eArier\u201c bezeichneten, wenn auch mit einer ganz anderen Konotation, vielleicht in irgendeiner Form gemeinsame Vorfahren. Zumindest sagen das viele Iraner und f\u00fchlen sich uns somit ganz besonders verbunden, sprechen gelegentlich von unseren gemeinsamen Wurzeln.<br \/>\n&#8211; Diese m\u00f6gliche Verbindung (die von anderen bestritten wird), hat bei zwei Begegnungen auch zu naiv anerkennenden \u00c4u\u00dferungen \u00fcber Hitler gef\u00fchrt (\u201etoller Organisator\u201c). Unsere Erkl\u00e4rungen dazu und der \u00c4rger \u00fcber diese Sicht wurden freundlich bedacht, aber nicht weiter geteilt.<br \/>\n&#8211; Einzig eine negative \u00c4u\u00dferung bekommen wir vom <a href=\"http:\/\/80-fragen.de\/?p=2615\">K\u00fcnstler Morteza<\/a> zu h\u00f6ren, der sagt, dass er in Deutschland nicht leben k\u00f6nnte, da dort alles viel zu eng und stressig ist. Um kreativ zu sein, braucht er eine Freiheit, die er sich in Deutschland nicht vorstellen kann.<\/p>\n","protected":false},"excerpt":{"rendered":"<p>Also was verbinden sie mit Deutschland, ohne explizit danach gefragt zu werden? Womit werdet Ihr konfrontiert? Gerade hat uns der&#8230;  <a class=\"excerpt-read-more\" href=\"https:\/\/80-fragen.de\/?p=642\" title=\"Read Was erz\u00e4hlen Euch die Menschen, wenn Sie h\u00f6ren, dass Ihr aus Deutschland kommt? (Avi)\">Read more &raquo;<\/a><\/p>\n","protected":false},"author":3,"featured_media":2746,"comment_status":"open","ping_status":"open","sticky":false,"template":"","format":"standard","meta":{"footnotes":""},"categories":[5,13],"tags":[],"class_list":["post-642","post","type-post","status-publish","format-standard","has-post-thumbnail","hentry","category-fragen","category-antworten"],"_links":{"self":[{"href":"https:\/\/80-fragen.de\/index.php?rest_route=\/wp\/v2\/posts\/642","targetHints":{"allow":["GET"]}}],"collection":[{"href":"https:\/\/80-fragen.de\/index.php?rest_route=\/wp\/v2\/posts"}],"about":[{"href":"https:\/\/80-fragen.de\/index.php?rest_route=\/wp\/v2\/types\/post"}],"author":[{"embeddable":true,"href":"https:\/\/80-fragen.de\/index.php?rest_route=\/wp\/v2\/users\/3"}],"replies":[{"embeddable":true,"href":"https:\/\/80-fragen.de\/index.php?rest_route=%2Fwp%2Fv2%2Fcomments&post=642"}],"version-history":[{"count":3,"href":"https:\/\/80-fragen.de\/index.php?rest_route=\/wp\/v2\/posts\/642\/revisions"}],"predecessor-version":[{"id":2752,"href":"https:\/\/80-fragen.de\/index.php?rest_route=\/wp\/v2\/posts\/642\/revisions\/2752"}],"wp:featuredmedia":[{"embeddable":true,"href":"https:\/\/80-fragen.de\/index.php?rest_route=\/wp\/v2\/media\/2746"}],"wp:attachment":[{"href":"https:\/\/80-fragen.de\/index.php?rest_route=%2Fwp%2Fv2%2Fmedia&parent=642"}],"wp:term":[{"taxonomy":"category","embeddable":true,"href":"https:\/\/80-fragen.de\/index.php?rest_route=%2Fwp%2Fv2%2Fcategories&post=642"},{"taxonomy":"post_tag","embeddable":true,"href":"https:\/\/80-fragen.de\/index.php?rest_route=%2Fwp%2Fv2%2Ftags&post=642"}],"curies":[{"name":"wp","href":"https:\/\/api.w.org\/{rel}","templated":true}]}}